{"id":3104,"date":"2019-03-02T09:04:23","date_gmt":"2019-03-02T08:04:23","guid":{"rendered":"http:\/\/stamperamentvoll.de\/?p=3104"},"modified":"2019-03-02T09:04:23","modified_gmt":"2019-03-02T08:04:23","slug":"cuyl-ein-bisschen-verrueckt","status":"publish","type":"post","link":"https:\/\/stamperamentvoll.de\/?p=3104","title":{"rendered":"CUYL &#8211; Ein bi\u00dfchen verr\u00fcckt"},"content":{"rendered":"\n<p>Guten Morgen und ein sch\u00f6nes Wochenende f\u00fcr euch alle! So kurz vor dem Fasching, geht&#8217;s ja \u00fcberall ein bi\u00dfchen verr\u00fcckt zu, so auch in der neuen Herausforderung bei <a href=\"http:\/\/challengeupyourlife.blogspot.com\">Challenge up your life<\/a>.<\/p>\n\n\n\n<div class=\"wp-block-image\"><figure class=\"aligncenter\"><img loading=\"lazy\" width=\"300\" height=\"271\" src=\"https:\/\/stamperamentvoll.de\/wp-content\/uploads\/2019\/03\/51828324_10156834254590132_5443662518427844608_n-300x271.jpg\" alt=\"\" class=\"wp-image-3105\" srcset=\"https:\/\/stamperamentvoll.de\/wp-content\/uploads\/2019\/03\/51828324_10156834254590132_5443662518427844608_n-300x271.jpg 300w, https:\/\/stamperamentvoll.de\/wp-content\/uploads\/2019\/03\/51828324_10156834254590132_5443662518427844608_n.jpg 522w\" sizes=\"(max-width: 300px) 100vw, 300px\" \/><\/figure><\/div>\n\n\n\n<p>Ich muss gestehen, dass ich mich mit dem Thema wirklich schwer getan habe, daher gibt es von mir eher eine Light-Version. \ud83d\ude00<\/p>\n\n\n\n<div class=\"wp-block-image\"><figure class=\"aligncenter\"><img loading=\"lazy\" width=\"940\" height=\"788\" src=\"https:\/\/stamperamentvoll.de\/wp-content\/uploads\/2019\/03\/107-1.jpg\" alt=\"\" class=\"wp-image-3107\" srcset=\"https:\/\/stamperamentvoll.de\/wp-content\/uploads\/2019\/03\/107-1.jpg 940w, https:\/\/stamperamentvoll.de\/wp-content\/uploads\/2019\/03\/107-1-300x251.jpg 300w, https:\/\/stamperamentvoll.de\/wp-content\/uploads\/2019\/03\/107-1-768x644.jpg 768w\" sizes=\"(max-width: 940px) 100vw, 940px\" \/><\/figure><\/div>\n\n\n\n<p>Die Maske habe ich mit der Portrait geschnitten und mit Embossing, Perlen, Federn und Blumen aufgeh\u00fcbscht. Der Hintergrund ist mit einer Schablone &#8222;dry-embossed&#8220; und mit Distressfarbe etwas hervorgehoben.<\/p>\n\n\n\n<div class=\"wp-block-image\"><figure class=\"aligncenter\"><img loading=\"lazy\" width=\"940\" height=\"788\" src=\"https:\/\/stamperamentvoll.de\/wp-content\/uploads\/2019\/03\/107-4.jpg\" alt=\"\" class=\"wp-image-3108\" srcset=\"https:\/\/stamperamentvoll.de\/wp-content\/uploads\/2019\/03\/107-4.jpg 940w, https:\/\/stamperamentvoll.de\/wp-content\/uploads\/2019\/03\/107-4-300x251.jpg 300w, https:\/\/stamperamentvoll.de\/wp-content\/uploads\/2019\/03\/107-4-768x644.jpg 768w\" sizes=\"(max-width: 940px) 100vw, 940px\" \/><\/figure><\/div>\n\n\n\n<div class=\"wp-block-image\"><figure class=\"aligncenter\"><img loading=\"lazy\" width=\"940\" height=\"788\" src=\"https:\/\/stamperamentvoll.de\/wp-content\/uploads\/2019\/03\/107-3.jpg\" alt=\"\" class=\"wp-image-3109\" srcset=\"https:\/\/stamperamentvoll.de\/wp-content\/uploads\/2019\/03\/107-3.jpg 940w, https:\/\/stamperamentvoll.de\/wp-content\/uploads\/2019\/03\/107-3-300x251.jpg 300w, https:\/\/stamperamentvoll.de\/wp-content\/uploads\/2019\/03\/107-3-768x644.jpg 768w\" sizes=\"(max-width: 940px) 100vw, 940px\" \/><\/figure><\/div>\n\n\n\n<div class=\"wp-block-image\"><figure class=\"aligncenter\"><img loading=\"lazy\" width=\"940\" height=\"788\" src=\"https:\/\/stamperamentvoll.de\/wp-content\/uploads\/2019\/03\/107-2.jpg\" alt=\"\" class=\"wp-image-3110\" srcset=\"https:\/\/stamperamentvoll.de\/wp-content\/uploads\/2019\/03\/107-2.jpg 940w, https:\/\/stamperamentvoll.de\/wp-content\/uploads\/2019\/03\/107-2-300x251.jpg 300w, https:\/\/stamperamentvoll.de\/wp-content\/uploads\/2019\/03\/107-2-768x644.jpg 768w\" sizes=\"(max-width: 940px) 100vw, 940px\" \/><\/figure><\/div>\n\n\n\n<p>Feiert ihr Fasching? Wie sieht euer Kost\u00fcm aus? Ich setze mich sp\u00e4ter noch an die N\u00e4hmaschine und fertige einen Umhang f\u00fcr den Junior. \ud83d\ude09<\/p>\n\n\n\n<p>Habt einen entspannten Tag und machts h\u00fcbsch.<\/p>\n","protected":false},"excerpt":{"rendered":"<p>Guten Morgen und ein sch\u00f6nes Wochenende f\u00fcr euch alle! So kurz vor dem Fasching, geht&#8217;s ja \u00fcberall ein bi\u00dfchen verr\u00fcckt zu, so auch in der neuen Herausforderung bei Challenge up your life. Ich muss gestehen, dass ich mich mit dem Thema wirklich schwer getan habe, daher gibt es von mir eher eine Light-Version. \ud83d\ude00 Die &#8230; <span class=\"more\"><a class=\"more-link\" href=\"https:\/\/stamperamentvoll.de\/?p=3104\">[mehr&#8230;]<\/a><\/span><\/p>\n","protected":false},"author":1,"featured_media":3107,"comment_status":"open","ping_status":"open","sticky":false,"template":"","format":"standard","meta":[],"categories":[1,50],"tags":[19,83,65,128],"_links":{"self":[{"href":"https:\/\/stamperamentvoll.de\/index.php?rest_route=\/wp\/v2\/posts\/3104"}],"collection":[{"href":"https:\/\/stamperamentvoll.de\/index.php?rest_route=\/wp\/v2\/posts"}],"about":[{"href":"https:\/\/stamperamentvoll.de\/index.php?rest_route=\/wp\/v2\/types\/post"}],"author":[{"embeddable":true,"href":"https:\/\/stamperamentvoll.de\/index.php?rest_route=\/wp\/v2\/users\/1"}],"replies":[{"embeddable":true,"href":"https:\/\/stamperamentvoll.de\/index.php?rest_route=%2Fwp%2Fv2%2Fcomments&post=3104"}],"version-history":[{"count":2,"href":"https:\/\/stamperamentvoll.de\/index.php?rest_route=\/wp\/v2\/posts\/3104\/revisions"}],"predecessor-version":[{"id":3111,"href":"https:\/\/stamperamentvoll.de\/index.php?rest_route=\/wp\/v2\/posts\/3104\/revisions\/3111"}],"wp:featuredmedia":[{"embeddable":true,"href":"https:\/\/stamperamentvoll.de\/index.php?rest_route=\/wp\/v2\/media\/3107"}],"wp:attachment":[{"href":"https:\/\/stamperamentvoll.de\/index.php?rest_route=%2Fwp%2Fv2%2Fmedia&parent=3104"}],"wp:term":[{"taxonomy":"category","embeddable":true,"href":"https:\/\/stamperamentvoll.de\/index.php?rest_route=%2Fwp%2Fv2%2Fcategories&post=3104"},{"taxonomy":"post_tag","embeddable":true,"href":"https:\/\/stamperamentvoll.de\/index.php?rest_route=%2Fwp%2Fv2%2Ftags&post=3104"}],"curies":[{"name":"wp","href":"https:\/\/api.w.org\/{rel}","templated":true}]}}